{"id":9265,"__str__":"Projeto de Lei (Executivo) n\u00ba 29 de 2022 | Aguardando a inclus\u00e3o na ordem do dia | 05/07/2022","link_detail_backend":"/materia/tramitacao/9265","metadata":{},"timestamp":"2022-07-07T10:58:03.141928-03:00","data_tramitacao":"2022-07-05","data_encaminhamento":null,"urgente":false,"turno":"","texto":"Proposi\u00e7\u00e3o aprovada, em Turno \u00danico, com votos contr\u00e1rios dos Vereadores Carlinho Simi\u00e3o, Lailson da Aroeira e Gilton Gomes, na Sess\u00e3o Ordin\u00e1ria do dia 05/07/2022.","data_fim_prazo":null,"ip":"177.98.184.176","ultima_edicao":"2022-07-07T10:56:41.447608-03:00","status":4,"materia":6557,"unidade_tramitacao_local":3,"unidade_tramitacao_destino":7,"user":14}