{"id":12209,"__str__":"Projeto de Lei (Executivo) n\u00ba 21 de 2023 | Aguardando a inclus\u00e3o na ordem do dia | 22/12/2023","link_detail_backend":"/materia/tramitacao/12209","metadata":{},"timestamp":"2024-01-03T14:01:03.413900-03:00","data_tramitacao":"2023-12-22","data_encaminhamento":null,"urgente":false,"turno":"","texto":"Proposi\u00e7\u00e3o aprovada, em Turno \u00danico, com votos contr\u00e1rios dos Vereadores Carlinho Simi\u00e3o, Lailson da Aroeira, Gilton Gomes, Isamara da Farm\u00e1cia e Paulo Fund\u00e3o, na Sess\u00e3o Ordin\u00e1ria do dia 22/12/2023.","data_fim_prazo":null,"ip":"45.175.97.142","ultima_edicao":"2024-01-03T14:00:41.501501-03:00","status":4,"materia":7997,"unidade_tramitacao_local":3,"unidade_tramitacao_destino":7,"user":14}