{"id":9014,"__str__":"Indica\u00e7\u00e3o n\u00ba 363 de 2024","link_detail_backend":"/materia/9014","metadata":{},"numero":363,"ano":2024,"numero_protocolo":null,"data_apresentacao":"2024-07-15","tipo_apresentacao":"E","data_publicacao":null,"numero_origem_externa":"","ano_origem_externa":null,"data_origem_externa":null,"apelido":"","dias_prazo":null,"data_fim_prazo":null,"em_tramitacao":false,"polemica":false,"objeto":"","complementar":false,"ementa":"ENCAMINHE A ESTE PODER LEGISLATIVO, PROJETO DE LEI NO INTUITO DE INDENIZAR EM 200 (DUZENTOS) SAL\u00c1RIOS-M\u00cdNIMOS A FAM\u00cdLIA DA CRIAN\u00c7A JO\u00c3O PAULO PEREIRA, PELO ATROPELAMENTO QUE CEIFOU A SUA VIDA","indexacao":"","observacao":"","resultado":"","texto_original":"http://sapl.saomateus.es.leg.br/media/sapl/public/materialegislativa/2024/9014/indicacao_-_363-2024_-_paulo_fundao_e_demais_vereadores_-_encaminhe..._projetoi..._indenizar..._familia_da_crianca_joao_paulo_pereira.pdf","data_ultima_atualizacao":"2024-07-16T16:23:57.204106-03:00","ip":"45.175.98.223","ultima_edicao":"2024-07-16T16:22:44.186358-03:00","tipo":2,"regime_tramitacao":1,"tipo_origem_externa":null,"local_origem_externa":null,"user":14,"anexadas":[],"autores":[20,21,22,23,25,26,45,27,28,29,43]}