{"id":7922,"__str__":"Indica\u00e7\u00e3o n\u00ba 409 de 2023","link_detail_backend":"/materia/7922","metadata":{},"numero":409,"ano":2023,"numero_protocolo":null,"data_apresentacao":"2023-08-21","tipo_apresentacao":"E","data_publicacao":null,"numero_origem_externa":"","ano_origem_externa":null,"data_origem_externa":null,"apelido":"","dias_prazo":null,"data_fim_prazo":null,"em_tramitacao":false,"polemica":false,"objeto":"","complementar":false,"ementa":"REITERA A INDICA\u00c7\u00c3O N\u00ba 280/2023, QUE DIZ RESPEITO AO ENCAMINHAMENTO A ESTE PODER, DE PROJETO DE LEI QUE \"DISPONHA SOBRE CRIA\u00c7\u00c3O DE \u00d3RG\u00c3O DE ASSESSORIA JUR\u00cdDICA GRATUITA PARA PESSOAS HIPOSSUFICIENTES NO MUNIC\u00cdPIO DE S\u00c3O MATEUS-ES E D\u00c1 OUTRAS PROVID\u00caNCIAS","indexacao":"","observacao":"","resultado":"","texto_original":"http://sapl.saomateus.es.leg.br/media/sapl/public/materialegislativa/2023/7922/indicacao_-_409-2023.pdf","data_ultima_atualizacao":"2023-08-24T14:36:29.462018-03:00","ip":"45.175.97.209","ultima_edicao":"2023-08-24T14:34:51.434871-03:00","tipo":2,"regime_tramitacao":1,"tipo_origem_externa":null,"local_origem_externa":null,"user":14,"anexadas":[],"autores":[29]}