{"id":7398,"__str__":"Indica\u00e7\u00e3o n\u00ba 447 de 2022","link_detail_backend":"/materia/7398","metadata":{},"numero":447,"ano":2022,"numero_protocolo":null,"data_apresentacao":"2022-06-28","tipo_apresentacao":"E","data_publicacao":null,"numero_origem_externa":"","ano_origem_externa":null,"data_origem_externa":null,"apelido":"","dias_prazo":null,"data_fim_prazo":null,"em_tramitacao":false,"polemica":false,"objeto":"","complementar":false,"ementa":"REFORMA GERAL E AMPLIA\u00c7\u00c3O DO PR\u00c9DIO, BEM COMO, AMPLIA\u00c7\u00c3O COM CONSTRU\u00c7\u00c3O DE COBERTURA NO P\u00c1TIO EXTERNO, DO CEIM MORADA DO RIBEIR\u00c3O, LOCALIZADA NO BAIRRO MORADA DO RIBEIR\u00c3O.","indexacao":"","observacao":"","resultado":"","texto_original":"http://sapl.saomateus.es.leg.br/media/sapl/public/materialegislativa/2022/7398/indicacao_-_447_-2022.pdf","data_ultima_atualizacao":"2023-01-17T13:29:14.329927-03:00","ip":"45.175.98.223","ultima_edicao":"2023-01-17T13:28:06.844177-03:00","tipo":2,"regime_tramitacao":1,"tipo_origem_externa":null,"local_origem_externa":null,"user":14,"anexadas":[],"autores":[15]}