{"id":10080,"__str__":"Veto n\u00ba 5 de 2025","link_detail_backend":"/materia/10080","metadata":{},"numero":5,"ano":2025,"numero_protocolo":null,"data_apresentacao":"2025-06-03","tipo_apresentacao":"E","data_publicacao":null,"numero_origem_externa":"","ano_origem_externa":null,"data_origem_externa":null,"apelido":"","dias_prazo":null,"data_fim_prazo":null,"em_tramitacao":false,"polemica":false,"objeto":"","complementar":false,"ementa":"VETA PARCIALMENTE O PROJETO DE LEI N\u00ba 015/2025, AUT\u00d3GRAFO DE LEI N\u00ba 019/2025, DE AUTORIA DO PODER LEGISLATIVO MUNICIPAL, APROVADO EM SESS\u00c3O ORDIN\u00c1RIA REALIZADA NO DIA 19 DE MAIO DE 2025, QUE INSTITUI O M\u00caS DE AGOSTO COMO O \u201cM\u00caS DO DIREITO DE TODOS\u201d, DEDICADO AO ATENDIMENTO JUR\u00cdDICO GRATUITO \u00c0 POPULA\u00c7\u00c3O","indexacao":"","observacao":"","resultado":"","texto_original":"http://sapl.saomateus.es.leg.br/media/sapl/public/materialegislativa/2025/10080/005-2025.pdf","data_ultima_atualizacao":"2025-06-18T09:47:25.147825-03:00","ip":"45.175.97.160","ultima_edicao":"2025-06-10T11:23:07.399718-03:00","tipo":14,"regime_tramitacao":1,"tipo_origem_externa":null,"local_origem_externa":null,"user":14,"anexadas":[],"autores":[11]}