{"id":10016,"__str__":"Indica\u00e7\u00e3o n\u00ba 368 de 2025","link_detail_backend":"/materia/10016","metadata":{},"numero":368,"ano":2025,"numero_protocolo":null,"data_apresentacao":"2025-05-27","tipo_apresentacao":"E","data_publicacao":null,"numero_origem_externa":"","ano_origem_externa":null,"data_origem_externa":null,"apelido":"","dias_prazo":null,"data_fim_prazo":null,"em_tramitacao":false,"polemica":false,"objeto":"","complementar":false,"ementa":"INSTALA\u00c7\u00c3O DE ACADEMIA POPULAR, EM \u00c1REA P\u00daBLICA EXISTENTE (EM FRENTE A POL\u00cdCIA FEDERAL), NA RUA DNER, LOCALIZADA NO BAIRRO SANTA TEREZA","indexacao":"","observacao":"","resultado":"","texto_original":"http://sapl.saomateus.es.leg.br/media/sapl/public/materialegislativa/2025/10016/indicacao-368-2025-branco_da_penal-reforma_e_ampliacao_da_salas_de_aula_dilo_barbosa.pdf","data_ultima_atualizacao":"2025-06-02T17:41:01.136764-03:00","ip":"45.175.98.223","ultima_edicao":"2025-06-02T17:40:01.314866-03:00","tipo":2,"regime_tramitacao":1,"tipo_origem_externa":null,"local_origem_externa":null,"user":14,"anexadas":[],"autores":[46]}