{"id":153,"__str__":"Membro : BRANCO DA PENAL","link_detail_backend":"/comissao/participacao/153","metadata":{},"titular":true,"data_designacao":"2025-01-20","data_desligamento":"2026-12-31","motivo_desligamento":"Encerramento da forma\u00e7\u00e3o da Comiss\u00e3o que \u00e9 bienal","observacao":"","composicao":33,"parlamentar":26,"cargo":5}